{"id":16651,"date":"2023-01-24T11:09:58","date_gmt":"2023-01-24T11:09:58","guid":{"rendered":"https:\/\/www.urkide.org\/eu\/intercambio-con-alemania-3\/"},"modified":"2023-01-24T11:09:59","modified_gmt":"2023-01-24T11:09:59","slug":"intercambio-con-alemania-3","status":"publish","type":"post","link":"https:\/\/www.urkide.org\/eu\/intercambio-con-alemania-3\/","title":{"rendered":"Intercambio con Alemania"},"content":{"rendered":"<p>Esta semana nos visitan, como el a\u00f1o pasado, alumnos alemanes de intercambio del colegio Gymnasium im Loekamp de Marl. Visitamos el ayuntamiento de Vitoria-Gasteiz y nos recibi\u00f3 muy amablemente el concejal Alfredo Iturritxa. Estar\u00e1n con nosotros hasta el mi\u00e9rcoles.<\/p>\n<p>Viel Spass!!!<\/p>\n<p><a href=\"http:\/\/www.urkide.org\/wp-content\/uploads\/2015\/04\/20150420-Foto-Alemania.jpeg\"><img loading=\"lazy\" decoding=\"async\" class=\"size-medium wp-image-1464 aligncenter\" src=\"http:\/\/www.urkide.org\/wp-content\/uploads\/2015\/04\/20150420-Foto-Alemania-300x197.jpeg\" alt=\"20150420-Foto-Alemania\" width=\"300\" height=\"197\" \/><\/a><\/p>\n<div class=\"clearfix\"><\/div>","protected":false},"excerpt":{"rendered":"<p>Esta semana nos visitan, como el a\u00f1o pasado, alumnos alemanes de intercambio del colegio Gymnasium im Loekamp de Marl. Visitamos el ayuntamiento&#8230;<\/p>\n","protected":false},"author":1,"featured_media":0,"comment_status":"open","ping_status":"open","sticky":false,"template":"","format":"standard","meta":{"footnotes":""},"categories":[1],"tags":[],"class_list":["post-16651","post","type-post","status-publish","format-standard","hentry","category-sin-categorizar"],"_links":{"self":[{"href":"https:\/\/www.urkide.org\/eu\/wp-json\/wp\/v2\/posts\/16651","targetHints":{"allow":["GET"]}}],"collection":[{"href":"https:\/\/www.urkide.org\/eu\/wp-json\/wp\/v2\/posts"}],"about":[{"href":"https:\/\/www.urkide.org\/eu\/wp-json\/wp\/v2\/types\/post"}],"author":[{"embeddable":true,"href":"https:\/\/www.urkide.org\/eu\/wp-json\/wp\/v2\/users\/1"}],"replies":[{"embeddable":true,"href":"https:\/\/www.urkide.org\/eu\/wp-json\/wp\/v2\/comments?post=16651"}],"version-history":[{"count":1,"href":"https:\/\/www.urkide.org\/eu\/wp-json\/wp\/v2\/posts\/16651\/revisions"}],"predecessor-version":[{"id":16853,"href":"https:\/\/www.urkide.org\/eu\/wp-json\/wp\/v2\/posts\/16651\/revisions\/16853"}],"wp:attachment":[{"href":"https:\/\/www.urkide.org\/eu\/wp-json\/wp\/v2\/media?parent=16651"}],"wp:term":[{"taxonomy":"category","embeddable":true,"href":"https:\/\/www.urkide.org\/eu\/wp-json\/wp\/v2\/categories?post=16651"},{"taxonomy":"post_tag","embeddable":true,"href":"https:\/\/www.urkide.org\/eu\/wp-json\/wp\/v2\/tags?post=16651"}],"curies":[{"name":"wp","href":"https:\/\/api.w.org\/{rel}","templated":true}]}}