{"id":16666,"date":"2023-01-24T11:10:02","date_gmt":"2023-01-24T11:10:02","guid":{"rendered":"https:\/\/www.urkide.org\/eu\/visita-al-museo-de-arqueologia-bibat\/"},"modified":"2023-01-24T11:10:02","modified_gmt":"2023-01-24T11:10:02","slug":"visita-al-museo-de-arqueologia-bibat","status":"publish","type":"post","link":"https:\/\/www.urkide.org\/eu\/visita-al-museo-de-arqueologia-bibat\/","title":{"rendered":"VISITA AL MUSEO DE ARQUEOLOG\u00cdA BIBAT"},"content":{"rendered":"<div>Como punto final a todo este trimestre de duro trabajo y grandes descubrimientos, sobre todo hist\u00f3ricos, durante estas \u00faltimas dos semanas los alumnos de 4\u00ba de Primaria nos hemos escapado hasta el Centro del Casco Viejo de Vitoria para apreciar algunos de los restos arqueol\u00f3gicos m\u00e1s importantes encontrados en territorio alav\u00e9s.<\/div>\n<div><\/div>\n<div>Os adjuntos algunas im\u00e1genes de nuestra visita. \u00a1Hasta la pr\u00f3xima!<\/div>\n<div><\/div>\n<div><a href=\"http:\/\/www.urkide.org\/wp-content\/uploads\/2016\/03\/20160316-museo-bi-bat-puerta.jpg\"><img loading=\"lazy\" decoding=\"async\" class=\"size-medium wp-image-2029 aligncenter\" src=\"http:\/\/www.urkide.org\/wp-content\/uploads\/2016\/03\/20160316-museo-bi-bat-puerta-300x200.jpg\" alt=\"20160316-museo-bi-bat-puerta\" width=\"300\" height=\"200\" \/><\/a> <a href=\"http:\/\/www.urkide.org\/wp-content\/uploads\/2016\/03\/20160316-museo-bi-bat-portada.jpg\"><img loading=\"lazy\" decoding=\"async\" class=\"size-medium wp-image-2028 aligncenter\" src=\"http:\/\/www.urkide.org\/wp-content\/uploads\/2016\/03\/20160316-museo-bi-bat-portada-225x300.jpg\" alt=\"20160316-museo-bi-bat-portada\" width=\"225\" height=\"300\" \/><\/a> <a href=\"http:\/\/www.urkide.org\/wp-content\/uploads\/2016\/03\/20160316-museo-bi-bat-escaleras.jpg\"><img loading=\"lazy\" decoding=\"async\" class=\"size-medium wp-image-2027 aligncenter\" src=\"http:\/\/www.urkide.org\/wp-content\/uploads\/2016\/03\/20160316-museo-bi-bat-escaleras-225x300.jpg\" alt=\"20160316-museo-bi-bat-escaleras\" width=\"225\" height=\"300\" \/><\/a><\/div>\n<div><\/div>\n<div><\/div>\n<div class=\"clearfix\"><\/div>","protected":false},"excerpt":{"rendered":"<p>Como punto final a todo este trimestre de duro trabajo y grandes descubrimientos, sobre todo hist\u00f3ricos, durante estas \u00faltimas dos semanas los&#8230;<\/p>\n","protected":false},"author":1,"featured_media":0,"comment_status":"open","ping_status":"open","sticky":false,"template":"","format":"standard","meta":{"footnotes":""},"categories":[1],"tags":[],"class_list":["post-16666","post","type-post","status-publish","format-standard","hentry","category-sin-categorizar"],"_links":{"self":[{"href":"https:\/\/www.urkide.org\/eu\/wp-json\/wp\/v2\/posts\/16666","targetHints":{"allow":["GET"]}}],"collection":[{"href":"https:\/\/www.urkide.org\/eu\/wp-json\/wp\/v2\/posts"}],"about":[{"href":"https:\/\/www.urkide.org\/eu\/wp-json\/wp\/v2\/types\/post"}],"author":[{"embeddable":true,"href":"https:\/\/www.urkide.org\/eu\/wp-json\/wp\/v2\/users\/1"}],"replies":[{"embeddable":true,"href":"https:\/\/www.urkide.org\/eu\/wp-json\/wp\/v2\/comments?post=16666"}],"version-history":[{"count":1,"href":"https:\/\/www.urkide.org\/eu\/wp-json\/wp\/v2\/posts\/16666\/revisions"}],"predecessor-version":[{"id":16828,"href":"https:\/\/www.urkide.org\/eu\/wp-json\/wp\/v2\/posts\/16666\/revisions\/16828"}],"wp:attachment":[{"href":"https:\/\/www.urkide.org\/eu\/wp-json\/wp\/v2\/media?parent=16666"}],"wp:term":[{"taxonomy":"category","embeddable":true,"href":"https:\/\/www.urkide.org\/eu\/wp-json\/wp\/v2\/categories?post=16666"},{"taxonomy":"post_tag","embeddable":true,"href":"https:\/\/www.urkide.org\/eu\/wp-json\/wp\/v2\/tags?post=16666"}],"curies":[{"name":"wp","href":"https:\/\/api.w.org\/{rel}","templated":true}]}}