{"id":16669,"date":"2023-01-24T11:10:02","date_gmt":"2023-01-24T11:10:02","guid":{"rendered":"https:\/\/www.urkide.org\/eu\/taller-de-prensa\/"},"modified":"2023-01-24T11:10:02","modified_gmt":"2023-01-24T11:10:02","slug":"taller-de-prensa","status":"publish","type":"post","link":"https:\/\/www.urkide.org\/eu\/taller-de-prensa\/","title":{"rendered":"Taller de Prensa"},"content":{"rendered":"<p>Los alumnos de 2\u00ba de ESO B hemos participado en un taller de prensa. Ha sido una experiencia magn\u00edfica, nos hemos sentido reporteros, fot\u00f3grafos, redactores, jefes de secci\u00f3n, directores&#8230;y hemos elaborado un peri\u00f3dico que cuando nos lo env\u00eden lo compartiremos con vosotros.<\/p>\n<p><a href=\"http:\/\/www.urkide.org\/wp-content\/uploads\/2016\/04\/20160407-Redaccion.jpg\"><img loading=\"lazy\" decoding=\"async\" class=\"size-medium wp-image-2050 alignleft\" src=\"http:\/\/www.urkide.org\/wp-content\/uploads\/2016\/04\/20160407-Redaccion-300x225.jpg\" alt=\"20160407-Redaccion\" width=\"300\" height=\"225\" \/><\/a> <a href=\"http:\/\/www.urkide.org\/wp-content\/uploads\/2016\/04\/20160407-Alumnos.jpg\"><img loading=\"lazy\" decoding=\"async\" class=\"size-medium wp-image-2049 alignright\" src=\"http:\/\/www.urkide.org\/wp-content\/uploads\/2016\/04\/20160407-Alumnos-300x225.jpg\" alt=\"20160407-Alumnos\" width=\"300\" height=\"225\" \/><\/a><\/p>\n<p style=\"text-align: right;\">\n<div class=\"clearfix\"><\/div>","protected":false},"excerpt":{"rendered":"<p>Los alumnos de 2\u00ba de ESO B hemos participado en un taller de prensa. Ha sido una experiencia magn\u00edfica, nos hemos sentido&#8230;<\/p>\n","protected":false},"author":1,"featured_media":0,"comment_status":"open","ping_status":"open","sticky":false,"template":"","format":"standard","meta":{"footnotes":""},"categories":[1],"tags":[],"class_list":["post-16669","post","type-post","status-publish","format-standard","hentry","category-sin-categorizar"],"_links":{"self":[{"href":"https:\/\/www.urkide.org\/eu\/wp-json\/wp\/v2\/posts\/16669","targetHints":{"allow":["GET"]}}],"collection":[{"href":"https:\/\/www.urkide.org\/eu\/wp-json\/wp\/v2\/posts"}],"about":[{"href":"https:\/\/www.urkide.org\/eu\/wp-json\/wp\/v2\/types\/post"}],"author":[{"embeddable":true,"href":"https:\/\/www.urkide.org\/eu\/wp-json\/wp\/v2\/users\/1"}],"replies":[{"embeddable":true,"href":"https:\/\/www.urkide.org\/eu\/wp-json\/wp\/v2\/comments?post=16669"}],"version-history":[{"count":1,"href":"https:\/\/www.urkide.org\/eu\/wp-json\/wp\/v2\/posts\/16669\/revisions"}],"predecessor-version":[{"id":16831,"href":"https:\/\/www.urkide.org\/eu\/wp-json\/wp\/v2\/posts\/16669\/revisions\/16831"}],"wp:attachment":[{"href":"https:\/\/www.urkide.org\/eu\/wp-json\/wp\/v2\/media?parent=16669"}],"wp:term":[{"taxonomy":"category","embeddable":true,"href":"https:\/\/www.urkide.org\/eu\/wp-json\/wp\/v2\/categories?post=16669"},{"taxonomy":"post_tag","embeddable":true,"href":"https:\/\/www.urkide.org\/eu\/wp-json\/wp\/v2\/tags?post=16669"}],"curies":[{"name":"wp","href":"https:\/\/api.w.org\/{rel}","templated":true}]}}