{"id":16690,"date":"2023-01-24T11:10:05","date_gmt":"2023-01-24T11:10:05","guid":{"rendered":"https:\/\/www.urkide.org\/eu\/urban-dance-akadantz-2017\/"},"modified":"2023-01-24T11:10:06","modified_gmt":"2023-01-24T11:10:06","slug":"urban-dance-akadantz-2017","status":"publish","type":"post","link":"https:\/\/www.urkide.org\/eu\/urban-dance-akadantz-2017\/","title":{"rendered":"URBAN DANCE AKADANTZ 2017"},"content":{"rendered":"<p><span style=\"font-family: 'Times New Roman', serif;\"><span style=\"font-size: medium;\">El pasado 18 de febrero, los dos grupos veteranos de la actividad extraescolar <b>Urban Dance<\/b> participaron en uno de los campeonatos de danza urbana celebrados en el Pa\u00eds Vasco, el denominado \u201cAkadantz\u201d. En total, once alumnas y la respectiva monitora se desplazaron hasta Elorrio con la finalidad de representar al Colegio Urkide y poder vivir una experiencia nueva y diferente. Aunque no lograron la victoria, aseguran que para ellas la vivencia ya constituye un gran logro.<\/span><\/span><\/p>\n<p>\u201c<span style=\"font-family: 'Times New Roman', serif;\"><span style=\"font-size: medium;\">Jam\u00e1s hab\u00edamos estado en un campeonato antes; de hecho, nunca hab\u00edamos ido a ver uno, y no sab\u00edamos lo que nos encontrar\u00edamos. Los nervios fueron protagonistas ese d\u00eda, pero entre todas conseguimos hacer <i>pi\u00f1a<\/i> y contagiarnos de la ilusi\u00f3n y la emoci\u00f3n del momento. Nagore se esforz\u00f3 mucho en conseguir que deslumbr\u00e1ramos en el escenario: no pod\u00edamos estar m\u00e1s deslumbrantes. Maquillaje, peluquer\u00eda, vestuario, \u2026 Las horas avanzaban y con ello nuestras ganas de salir a darlo todo. Pero mereci\u00f3 la pena. El momento m\u00e1s especial sucedi\u00f3 unos minutos antes de que nos llamaran para actuar: Nagore emocionada se ech\u00f3 a llorar y todas la rodeamos entre abrazos. Un \u201c<i>estoy orgullosa de vosotras<\/i>\u201d es lo \u00faltimo que nos dijo. Cuando acabamos, parec\u00eda que el mundo estaba en nuestras manos, nos sent\u00edamos invencibles, y as\u00ed lo demostramos entre risas, abrazos, gritos y bromas. Estuvimos viendo como actuaban el resto de grupos y charlando con el resto de chicos y chicas que, como nosotras, ya hab\u00edan saboreado el momento de luces, focos y aplausos. Cuando dijeron los nombres de los grupos ganadores y el de Urkide no estaba entre ellos, nos miramos, sonre\u00edmos, y supimos que para nosotras el estar all\u00ed todas juntas disfrutando de lo que m\u00e1s nos gusta ya hab\u00eda sido toda una victoria. Y as\u00ed lo vitoreamos. Formamos un c\u00edrculo, manos al centro y un gran grito de guerra es lo \u00faltimo que dejamos en ese backstage\u2026 \u00a1\u00a1\u00a1VICTORY!!!\u201d.<\/span><\/span><\/p>\n<p>&nbsp;<\/p>\n\n<div class=\"clearfix\"><\/div>","protected":false},"excerpt":{"rendered":"<p>El pasado 18 de febrero, los dos grupos veteranos de la actividad extraescolar Urban Dance participaron en uno de los campeonatos de&#8230;<\/p>\n","protected":false},"author":1,"featured_media":0,"comment_status":"open","ping_status":"open","sticky":false,"template":"","format":"standard","meta":{"footnotes":""},"categories":[1],"tags":[],"class_list":["post-16690","post","type-post","status-publish","format-standard","hentry","category-sin-categorizar"],"_links":{"self":[{"href":"https:\/\/www.urkide.org\/eu\/wp-json\/wp\/v2\/posts\/16690","targetHints":{"allow":["GET"]}}],"collection":[{"href":"https:\/\/www.urkide.org\/eu\/wp-json\/wp\/v2\/posts"}],"about":[{"href":"https:\/\/www.urkide.org\/eu\/wp-json\/wp\/v2\/types\/post"}],"author":[{"embeddable":true,"href":"https:\/\/www.urkide.org\/eu\/wp-json\/wp\/v2\/users\/1"}],"replies":[{"embeddable":true,"href":"https:\/\/www.urkide.org\/eu\/wp-json\/wp\/v2\/comments?post=16690"}],"version-history":[{"count":1,"href":"https:\/\/www.urkide.org\/eu\/wp-json\/wp\/v2\/posts\/16690\/revisions"}],"predecessor-version":[{"id":16812,"href":"https:\/\/www.urkide.org\/eu\/wp-json\/wp\/v2\/posts\/16690\/revisions\/16812"}],"wp:attachment":[{"href":"https:\/\/www.urkide.org\/eu\/wp-json\/wp\/v2\/media?parent=16690"}],"wp:term":[{"taxonomy":"category","embeddable":true,"href":"https:\/\/www.urkide.org\/eu\/wp-json\/wp\/v2\/categories?post=16690"},{"taxonomy":"post_tag","embeddable":true,"href":"https:\/\/www.urkide.org\/eu\/wp-json\/wp\/v2\/tags?post=16690"}],"curies":[{"name":"wp","href":"https:\/\/api.w.org\/{rel}","templated":true}]}}