{"id":16694,"date":"2023-01-24T11:10:07","date_gmt":"2023-01-24T11:10:07","guid":{"rendered":"https:\/\/www.urkide.org\/eu\/urkide-triunfa-en-el-udaberriko-lehiaketa-de-matematicas\/"},"modified":"2023-01-24T11:10:08","modified_gmt":"2023-01-24T11:10:08","slug":"urkide-triunfa-en-el-udaberriko-lehiaketa-de-matematicas","status":"publish","type":"post","link":"https:\/\/www.urkide.org\/eu\/urkide-triunfa-en-el-udaberriko-lehiaketa-de-matematicas\/","title":{"rendered":"URKIDE TRIUNFA EN EL \u201cUDABERRIKO LEHIAKETA\u201d DE MATEM\u00c1TICAS"},"content":{"rendered":"<p>Por segundo a\u00f1o consecutivo, alumnos del Colegio Urkide han participado, con \u00e9xito, en el concurso de Matem\u00e1ticas \u201c<em>Udaberriko Lehiaketa<\/em>\u201d.<\/p>\n<p>Esta prueba de habilidad de pensamiento y estrategia, cuenta con tan solo tres a\u00f1os de vida y la desarrolla, con ilusi\u00f3n, la UPV. De hecho, los alumnos seleccionados, despu\u00e9s de una primera fase celebrada en el colegio, realizaron la segunda y \u00faltima fase en la Facultad de Ciencia y Tecnolog\u00eda de la UPV en Leioa.<\/p>\n<p>El a\u00f1o pasado participamos en el concurso con estudiantes de Secundaria y Bachillerato, resultando ganadoras las compa\u00f1eras Garbi\u00f1e Cid, quien, actualmente cursa 1\u00ba de Bachillerato y Ainhoa Gonz\u00e1lez, quien dej\u00f3 el colegio y cursa 1\u00ba del grado de Matem\u00e1ticas en Madrid.<\/p>\n<p>Este a\u00f1o nos hemos presentado con alumnos de 4\u00ba de Primaria a 2\u00ba de Bachillerato y han obtenido premio los compa\u00f1eros Iv\u00e1n Cifuentes, de 4\u00ba de Primaria, Kepa Bilbao y Pablo Ruiz de Angulo de 6\u00ba de Primaria y Gorka Quintana de 2\u00ba de Bachillerato.<\/p>\n<p>Todos los profesores del centro y, en especial los de Matem\u00e1ticas, damos la enhorabuena a todos los participantes, tanto a los que no han pasado a la segunda fase, que fueron m\u00e1s de 100 estudiantes, como a los que s\u00ed, y tanto a los ganadores, como a los que se han quedado a las puertas.<\/p>\n<p>Los premiados ser\u00e1n los protagonistas de un acto realizado en el Aula Magna de la Facultad de Ciencia y Tecnolog\u00eda de la UPV en Leioa, donde conocer\u00e1n en qu\u00e9 posici\u00f3n han quedado y recoger\u00e1n su premio.<\/p>\n<p>Volveremos a vernos el pr\u00f3ximo a\u00f1o, esperamos que, con los mismos o mejores resultados.<\/p>\n\n<div class=\"clearfix\"><\/div>","protected":false},"excerpt":{"rendered":"<p>Por segundo a\u00f1o consecutivo, alumnos del Colegio Urkide han participado, con \u00e9xito, en el concurso de Matem\u00e1ticas \u201cUdaberriko Lehiaketa\u201d. Esta prueba de&#8230;<\/p>\n","protected":false},"author":1,"featured_media":0,"comment_status":"open","ping_status":"open","sticky":false,"template":"","format":"standard","meta":{"footnotes":""},"categories":[1],"tags":[],"class_list":["post-16694","post","type-post","status-publish","format-standard","hentry","category-sin-categorizar"],"_links":{"self":[{"href":"https:\/\/www.urkide.org\/eu\/wp-json\/wp\/v2\/posts\/16694","targetHints":{"allow":["GET"]}}],"collection":[{"href":"https:\/\/www.urkide.org\/eu\/wp-json\/wp\/v2\/posts"}],"about":[{"href":"https:\/\/www.urkide.org\/eu\/wp-json\/wp\/v2\/types\/post"}],"author":[{"embeddable":true,"href":"https:\/\/www.urkide.org\/eu\/wp-json\/wp\/v2\/users\/1"}],"replies":[{"embeddable":true,"href":"https:\/\/www.urkide.org\/eu\/wp-json\/wp\/v2\/comments?post=16694"}],"version-history":[{"count":1,"href":"https:\/\/www.urkide.org\/eu\/wp-json\/wp\/v2\/posts\/16694\/revisions"}],"predecessor-version":[{"id":16795,"href":"https:\/\/www.urkide.org\/eu\/wp-json\/wp\/v2\/posts\/16694\/revisions\/16795"}],"wp:attachment":[{"href":"https:\/\/www.urkide.org\/eu\/wp-json\/wp\/v2\/media?parent=16694"}],"wp:term":[{"taxonomy":"category","embeddable":true,"href":"https:\/\/www.urkide.org\/eu\/wp-json\/wp\/v2\/categories?post=16694"},{"taxonomy":"post_tag","embeddable":true,"href":"https:\/\/www.urkide.org\/eu\/wp-json\/wp\/v2\/tags?post=16694"}],"curies":[{"name":"wp","href":"https:\/\/api.w.org\/{rel}","templated":true}]}}