{"id":16697,"date":"2023-01-24T11:10:07","date_gmt":"2023-01-24T11:10:07","guid":{"rendered":"https:\/\/www.urkide.org\/eu\/cinco-alumnas-de-urkide-en-el-congreso-investiga-idi-2017\/"},"modified":"2023-01-24T11:10:08","modified_gmt":"2023-01-24T11:10:08","slug":"cinco-alumnas-de-urkide-en-el-congreso-investiga-idi-2017","status":"publish","type":"post","link":"https:\/\/www.urkide.org\/eu\/cinco-alumnas-de-urkide-en-el-congreso-investiga-idi-2017\/","title":{"rendered":"CINCO ALUMNAS DE URKIDE EN EL CONGRESO \u201cINVESTIGA I+D+i\u201d 2017"},"content":{"rendered":"<p>Cinco alumnas de 4\u00ba de ESO del Colegio han sido seleccionadas para participar en el VIII Congreso\u00a0\u201cInvestiga\u00a0I+D+i\u201d que se celebrar\u00e1 en Madrid los d\u00edas 19, 20 y 21 de mayo.<\/p>\n<p>Las cinco alumnas compartir\u00e1n actividades con alumnos de otros diecinueve Centros Educativos y sesiones con expertos del CSIC de los diferentes campos de investigaci\u00f3n.<\/p>\n<p>Las alumnas seleccionadas y los trabajos de investigaci\u00f3n presentados son los siguientes:<\/p>\n<ul>\n<li>Mar\u00eda Bustero Gibaja,\n<ul>\n<li>Energ\u00eda y medio ambiente: \u201cCO2 y cambio clim\u00e1tico\u201d.<\/li>\n<\/ul>\n<\/li>\n<li>Estibaliz Ortega L\u00f3pez de Suso,\n<ul>\n<li>Ciencias del espacio: \u201cVida en ambientes extremos\u201d.<\/li>\n<\/ul>\n<\/li>\n<li>Laura S\u00e1ez de Vicu\u00f1a Rodr\u00edguez,\n<ul>\n<li>Tecnolog\u00edas de la Informaci\u00f3n y las Comunicaciones: \u201cBig data, un cambio radical en la forma de hacer ciencia\u201d.<\/li>\n<\/ul>\n<\/li>\n<li>Maite Alonso Fern\u00e1ndez de Landa,\n<ul>\n<li>Nanotecnolog\u00eda y nuevos materiales: \u201cLa Nanotecnolog\u00eda ante los retos del desarrollo sostenible\u201d<\/li>\n<\/ul>\n<\/li>\n<li>Cecilia L\u00f3pez Lasaga,\n<ul>\n<li>Biociencias: \u201cNeurociencia del conocimiento<strong>\u201d<\/strong><\/li>\n<\/ul>\n<\/li>\n<\/ul>\n<p><em>Foto de la entrega de Diplomas a las alumnas del Colegio que presentaron sus Proyectos de Investigaci\u00f3n en este curso. Adem\u00e1s de las citadas, Paula I\u00f1iguez de Heredia Monforte que present\u00f3 su Proyecto sobre las Ciencias del Espacio.<\/em><\/p>\n<p><a href=\"http:\/\/www.urkide.org\/wp-content\/uploads\/2017\/05\/20170517-Investiga.jpg\"><img loading=\"lazy\" decoding=\"async\" class=\"aligncenter size-medium wp-image-3034\" src=\"http:\/\/www.urkide.org\/wp-content\/uploads\/2017\/05\/20170517-Investiga-300x148.jpg\" alt=\"\" width=\"300\" height=\"148\" \/><\/a><\/p>\n<p>Enhorabuena a todas!<\/p>\n<div class=\"clearfix\"><\/div>","protected":false},"excerpt":{"rendered":"<p>Cinco alumnas de 4\u00ba de ESO del Colegio han sido seleccionadas para participar en el VIII Congreso\u00a0\u201cInvestiga\u00a0I+D+i\u201d que se celebrar\u00e1 en Madrid&#8230;<\/p>\n","protected":false},"author":1,"featured_media":0,"comment_status":"open","ping_status":"open","sticky":false,"template":"","format":"standard","meta":{"footnotes":""},"categories":[1],"tags":[],"class_list":["post-16697","post","type-post","status-publish","format-standard","hentry","category-sin-categorizar"],"_links":{"self":[{"href":"https:\/\/www.urkide.org\/eu\/wp-json\/wp\/v2\/posts\/16697","targetHints":{"allow":["GET"]}}],"collection":[{"href":"https:\/\/www.urkide.org\/eu\/wp-json\/wp\/v2\/posts"}],"about":[{"href":"https:\/\/www.urkide.org\/eu\/wp-json\/wp\/v2\/types\/post"}],"author":[{"embeddable":true,"href":"https:\/\/www.urkide.org\/eu\/wp-json\/wp\/v2\/users\/1"}],"replies":[{"embeddable":true,"href":"https:\/\/www.urkide.org\/eu\/wp-json\/wp\/v2\/comments?post=16697"}],"version-history":[{"count":1,"href":"https:\/\/www.urkide.org\/eu\/wp-json\/wp\/v2\/posts\/16697\/revisions"}],"predecessor-version":[{"id":16798,"href":"https:\/\/www.urkide.org\/eu\/wp-json\/wp\/v2\/posts\/16697\/revisions\/16798"}],"wp:attachment":[{"href":"https:\/\/www.urkide.org\/eu\/wp-json\/wp\/v2\/media?parent=16697"}],"wp:term":[{"taxonomy":"category","embeddable":true,"href":"https:\/\/www.urkide.org\/eu\/wp-json\/wp\/v2\/categories?post=16697"},{"taxonomy":"post_tag","embeddable":true,"href":"https:\/\/www.urkide.org\/eu\/wp-json\/wp\/v2\/tags?post=16697"}],"curies":[{"name":"wp","href":"https:\/\/api.w.org\/{rel}","templated":true}]}}