{"id":16699,"date":"2023-01-24T11:10:07","date_gmt":"2023-01-24T11:10:07","guid":{"rendered":"https:\/\/www.urkide.org\/eu\/los-ciberayudantes\/"},"modified":"2023-01-24T11:10:08","modified_gmt":"2023-01-24T11:10:08","slug":"los-ciberayudantes","status":"publish","type":"post","link":"https:\/\/www.urkide.org\/eu\/los-ciberayudantes\/","title":{"rendered":"Los ciberayudantes"},"content":{"rendered":"<p>Dentro del \u201c<strong>Proyecto interetapas para la convivencia<\/strong>\u201d, gestionado por el departamento de orientaci\u00f3n, se est\u00e1n llevando a cabo varias sesiones de formaci\u00f3n sobre \u201c<strong>usos y abusos en redes sociales<\/strong>\u201d.<\/p>\n<p>Estas sesiones se desarrollan por alumnos\/as que forman parte del equipo de convivencia de secundaria y se preparan para formar a compa\u00f1eros de cursos inferiores, transform\u00e1ndose as\u00ed en <strong>ciberayudantes.<\/strong><\/p>\n<p>El equipo de convivencia de 3\u00ba de ESO ha formado al alumnado de 6\u00ba de primaria y el de 4\u00ba de ESO al alumnado de 1\u00ba de ESO.<\/p>\n<p>Estos alumnos\/as se han convertido, por unas horas, en verdaderos docentes, a trav\u00e9s de una experiencia real, desde donde sienten y viven c\u00f3mo les escuchan y motivan a otros compa\u00f1eros de menor edad.<\/p>\n<p>Toda una <strong>experiencia inspiradora<\/strong>.<\/p>\n<p>Os dejamos unas fotograf\u00edas y un v\u00eddeo sobre la actividad.<\/p>\n<p><a href=\"http:\/\/www.urkide.org\/wp-content\/uploads\/2017\/05\/20170529-ciberayudantes-2.jpg\"><img loading=\"lazy\" decoding=\"async\" class=\"aligncenter size-medium wp-image-3064\" src=\"http:\/\/www.urkide.org\/wp-content\/uploads\/2017\/05\/20170529-ciberayudantes-2-300x169.jpg\" alt=\"\" width=\"300\" height=\"169\" \/><\/a><\/p>\n<p><a href=\"http:\/\/www.urkide.org\/wp-content\/uploads\/2017\/05\/20170529-ciberayudantes-1.jpg\"><img loading=\"lazy\" decoding=\"async\" class=\"aligncenter size-medium wp-image-3063\" src=\"http:\/\/www.urkide.org\/wp-content\/uploads\/2017\/05\/20170529-ciberayudantes-1-300x169.jpg\" alt=\"\" width=\"300\" height=\"169\" \/><\/a><\/p>\n<div class=\"embed-responsive embed-responsive-16by9 mb-25\"><iframe loading=\"lazy\" title=\"Los ciberayudantes\" width=\"1170\" height=\"658\" src=\"https:\/\/www.youtube.com\/embed\/Au9l-aNH58g?feature=oembed\" frameborder=\"0\" allow=\"accelerometer; autoplay; clipboard-write; encrypted-media; gyroscope; picture-in-picture; web-share\" allowfullscreen><\/iframe><\/div>\n<div class=\"clearfix\"><\/div>","protected":false},"excerpt":{"rendered":"<p>Dentro del \u201cProyecto interetapas para la convivencia\u201d, gestionado por el departamento de orientaci\u00f3n, se est\u00e1n llevando a cabo varias sesiones de formaci\u00f3n&#8230;<\/p>\n","protected":false},"author":1,"featured_media":0,"comment_status":"open","ping_status":"open","sticky":false,"template":"","format":"standard","meta":{"footnotes":""},"categories":[1],"tags":[],"class_list":["post-16699","post","type-post","status-publish","format-standard","hentry","category-sin-categorizar"],"_links":{"self":[{"href":"https:\/\/www.urkide.org\/eu\/wp-json\/wp\/v2\/posts\/16699","targetHints":{"allow":["GET"]}}],"collection":[{"href":"https:\/\/www.urkide.org\/eu\/wp-json\/wp\/v2\/posts"}],"about":[{"href":"https:\/\/www.urkide.org\/eu\/wp-json\/wp\/v2\/types\/post"}],"author":[{"embeddable":true,"href":"https:\/\/www.urkide.org\/eu\/wp-json\/wp\/v2\/users\/1"}],"replies":[{"embeddable":true,"href":"https:\/\/www.urkide.org\/eu\/wp-json\/wp\/v2\/comments?post=16699"}],"version-history":[{"count":1,"href":"https:\/\/www.urkide.org\/eu\/wp-json\/wp\/v2\/posts\/16699\/revisions"}],"predecessor-version":[{"id":16800,"href":"https:\/\/www.urkide.org\/eu\/wp-json\/wp\/v2\/posts\/16699\/revisions\/16800"}],"wp:attachment":[{"href":"https:\/\/www.urkide.org\/eu\/wp-json\/wp\/v2\/media?parent=16699"}],"wp:term":[{"taxonomy":"category","embeddable":true,"href":"https:\/\/www.urkide.org\/eu\/wp-json\/wp\/v2\/categories?post=16699"},{"taxonomy":"post_tag","embeddable":true,"href":"https:\/\/www.urkide.org\/eu\/wp-json\/wp\/v2\/tags?post=16699"}],"curies":[{"name":"wp","href":"https:\/\/api.w.org\/{rel}","templated":true}]}}