{"id":16706,"date":"2023-01-24T11:10:09","date_gmt":"2023-01-24T11:10:09","guid":{"rendered":"https:\/\/www.urkide.org\/eu\/v-campeonato-de-espana-alevin-de-natacion\/"},"modified":"2023-01-24T11:10:10","modified_gmt":"2023-01-24T11:10:10","slug":"v-campeonato-de-espana-alevin-de-natacion","status":"publish","type":"post","link":"https:\/\/www.urkide.org\/eu\/v-campeonato-de-espana-alevin-de-natacion\/","title":{"rendered":"V Campeonato de Espa\u00f1a Alev\u00edn de Nataci\u00f3n"},"content":{"rendered":"<p>Pablo Carrascosa y Xabier Meneses, alumnos de 2\u00aa de ESO del colegio Urkide, participaron este verano\u00a0en el\u00a0<strong>V Campeonato de Espa\u00f1a Alev\u00edn de Nataci\u00f3n<\/strong>.<\/p>\n<p>La competici\u00f3n se celebr\u00f3 en la piscina ol\u00edmpica de Picornell (Barcelona), acudieron 343 chicos y 359 chicas, en total 702 nadador@s.<\/p>\n<p>Pablo Carrascosa nad\u00f3 100 y 200 libres y particip\u00f3 en el relevo 4 x 100 Estilos.<\/p>\n<p>Xabier Meneses el relevo de 4 x 100 Estilos.<\/p>\n<p>El primer fin de semana de Julio se celebr\u00f3 el\u00a0<strong>Campeonato de Euskadi de Nataci\u00f3n<\/strong>\u00a0en Tolosa.<\/p>\n<p>Tanto Pablo como Xabier nadaron las pruebas individuales para las que se hab\u00edan clasificado, pero el colof\u00f3n fue como participantes en \u00a0el equipo de relevos, consiguiendo ser:<\/p>\n<ul>\n<li>Campeones de Euskadi en relevos 4 x 100 libres<\/li>\n<li>Campeones de Euskadi en relevos 4 x 100 estilos<\/li>\n<li>Subcampeones de Euskadi en relevos 4 x 200 libres<\/li>\n<\/ul>\n<div class=\"clearfix\"><\/div>","protected":false},"excerpt":{"rendered":"<p>Pablo Carrascosa y Xabier Meneses, alumnos de 2\u00aa de ESO del colegio Urkide, participaron este verano\u00a0en el\u00a0V Campeonato de Espa\u00f1a Alev\u00edn de&#8230;<\/p>\n","protected":false},"author":1,"featured_media":0,"comment_status":"open","ping_status":"open","sticky":false,"template":"","format":"standard","meta":{"footnotes":""},"categories":[1],"tags":[],"class_list":["post-16706","post","type-post","status-publish","format-standard","hentry","category-sin-categorizar"],"_links":{"self":[{"href":"https:\/\/www.urkide.org\/eu\/wp-json\/wp\/v2\/posts\/16706","targetHints":{"allow":["GET"]}}],"collection":[{"href":"https:\/\/www.urkide.org\/eu\/wp-json\/wp\/v2\/posts"}],"about":[{"href":"https:\/\/www.urkide.org\/eu\/wp-json\/wp\/v2\/types\/post"}],"author":[{"embeddable":true,"href":"https:\/\/www.urkide.org\/eu\/wp-json\/wp\/v2\/users\/1"}],"replies":[{"embeddable":true,"href":"https:\/\/www.urkide.org\/eu\/wp-json\/wp\/v2\/comments?post=16706"}],"version-history":[{"count":1,"href":"https:\/\/www.urkide.org\/eu\/wp-json\/wp\/v2\/posts\/16706\/revisions"}],"predecessor-version":[{"id":16787,"href":"https:\/\/www.urkide.org\/eu\/wp-json\/wp\/v2\/posts\/16706\/revisions\/16787"}],"wp:attachment":[{"href":"https:\/\/www.urkide.org\/eu\/wp-json\/wp\/v2\/media?parent=16706"}],"wp:term":[{"taxonomy":"category","embeddable":true,"href":"https:\/\/www.urkide.org\/eu\/wp-json\/wp\/v2\/categories?post=16706"},{"taxonomy":"post_tag","embeddable":true,"href":"https:\/\/www.urkide.org\/eu\/wp-json\/wp\/v2\/tags?post=16706"}],"curies":[{"name":"wp","href":"https:\/\/api.w.org\/{rel}","templated":true}]}}