{"id":16710,"date":"2023-01-24T11:10:09","date_gmt":"2023-01-24T11:10:09","guid":{"rendered":"https:\/\/www.urkide.org\/eu\/lucia-cervero-candidata-al-premio-juventud-voluntariado-de-la-cruz-roja\/"},"modified":"2023-01-24T11:10:10","modified_gmt":"2023-01-24T11:10:10","slug":"lucia-cervero-candidata-al-premio-juventud-voluntariado-de-la-cruz-roja","status":"publish","type":"post","link":"https:\/\/www.urkide.org\/eu\/lucia-cervero-candidata-al-premio-juventud-voluntariado-de-la-cruz-roja\/","title":{"rendered":"Luc\u00eda Cervero. Candidata al Premio Juventud Voluntariado de la Cruz Roja"},"content":{"rendered":"<p>Lucia Cervero Pineda tiene 19 a\u00f1os, estudia Trabajo Social, antigua alumna del colegio Urkide, destaca por su intensa participaci\u00f3n y su compromiso en las actividades de la Cruz Roja. Su valor principal es que, adem\u00e1s lo hace desde la discreci\u00f3n y, sobre todo, desde su juventud. Esos valores son los que quieren impulsar y los que se han valorado para su candidatura. Es una persona discreta que observa y escucha a las dem\u00e1s personas de forma atenta y activa. Esta actitud le permite conocer e identificar bien las necesidades de las personas. Sobre todo de las m\u00e1s vulnerables, precisamente a las que Luc\u00eda quiere dirigir su mayor esfuerzo.<\/p>\n<p>&nbsp;<\/p>\n<p><a href=\"http:\/\/www.urkide.org\/wp-content\/uploads\/2017\/10\/cartel_Lucia.jpg\"><img loading=\"lazy\" decoding=\"async\" class=\"aligncenter size-medium wp-image-3300\" src=\"http:\/\/www.urkide.org\/wp-content\/uploads\/2017\/10\/cartel_Lucia-212x300.jpg\" alt=\"\" width=\"212\" height=\"300\" \/><\/a><\/p>\n<p>Participa en el acompa\u00f1amiento a personas mayores en el proyecto Enred@te en el\u00a0que Luc\u00eda est\u00e1 dando un resultado magn\u00edfico, adem\u00e1s del programa Unidades de Emergencia Social. Una vez a la semana sale por la noche con su unidad a ofrecer apoyo a personas sin hogar, ofreci\u00e9ndole un bocadillo, un caf\u00e9, una manta&#8230; compa\u00f1\u00eda. Despu\u00e9s de haber realizado m\u00e1s de 100h de formaci\u00f3n en el \u00e1rea sanitaria, que le permiten saber actuar en una situaci\u00f3n de emergencia, se incorpora a socorros realizando preventivos terrestres.<\/p>\n<p>Si quer\u00e9is votar por ella pod\u00e9is hacer\u00a0<a href=\"http:\/\/bit.ly\/PremiosVdeVoluntariado\" target=\"_blank\" rel=\"noopener\">clic aqu\u00ed<\/a>.<\/p>\n<p>Hay que votar oro, plata y bronce en Categor\u00eda\u00a0Juventud y si el resto de candidaturas no se quiere votar hay que darle Continuar sin votar y luego se valida con el correo electr\u00f3nico.<\/p>\n<div class=\"clearfix\"><\/div>","protected":false},"excerpt":{"rendered":"<p>Lucia Cervero Pineda tiene 19 a\u00f1os, estudia Trabajo Social, antigua alumna del colegio Urkide, destaca por su intensa participaci\u00f3n y su compromiso&#8230;<\/p>\n","protected":false},"author":1,"featured_media":0,"comment_status":"open","ping_status":"open","sticky":false,"template":"","format":"standard","meta":{"footnotes":""},"categories":[1],"tags":[],"class_list":["post-16710","post","type-post","status-publish","format-standard","hentry","category-sin-categorizar"],"_links":{"self":[{"href":"https:\/\/www.urkide.org\/eu\/wp-json\/wp\/v2\/posts\/16710","targetHints":{"allow":["GET"]}}],"collection":[{"href":"https:\/\/www.urkide.org\/eu\/wp-json\/wp\/v2\/posts"}],"about":[{"href":"https:\/\/www.urkide.org\/eu\/wp-json\/wp\/v2\/types\/post"}],"author":[{"embeddable":true,"href":"https:\/\/www.urkide.org\/eu\/wp-json\/wp\/v2\/users\/1"}],"replies":[{"embeddable":true,"href":"https:\/\/www.urkide.org\/eu\/wp-json\/wp\/v2\/comments?post=16710"}],"version-history":[{"count":1,"href":"https:\/\/www.urkide.org\/eu\/wp-json\/wp\/v2\/posts\/16710\/revisions"}],"predecessor-version":[{"id":16792,"href":"https:\/\/www.urkide.org\/eu\/wp-json\/wp\/v2\/posts\/16710\/revisions\/16792"}],"wp:attachment":[{"href":"https:\/\/www.urkide.org\/eu\/wp-json\/wp\/v2\/media?parent=16710"}],"wp:term":[{"taxonomy":"category","embeddable":true,"href":"https:\/\/www.urkide.org\/eu\/wp-json\/wp\/v2\/categories?post=16710"},{"taxonomy":"post_tag","embeddable":true,"href":"https:\/\/www.urkide.org\/eu\/wp-json\/wp\/v2\/tags?post=16710"}],"curies":[{"name":"wp","href":"https:\/\/api.w.org\/{rel}","templated":true}]}}